{"id":291,"date":"2020-11-07T18:10:19","date_gmt":"2020-11-07T15:10:19","guid":{"rendered":"https:\/\/ackfoodsolutions.com\/?p=291"},"modified":"2020-11-07T18:10:42","modified_gmt":"2020-11-07T15:10:42","slug":"rifat-minare","status":"publish","type":"post","link":"https:\/\/ackfoodsolutions.com\/?p=291","title":{"rendered":"R\u0130FAT M\u0130NARE"},"content":{"rendered":"<p>[av_slideshow_full size=\\&#8217;no scaling\\&#8217; min_height=\\&#8217;0px\\&#8217; stretch=\\&#8217;image_no_stretch\\&#8217; animation=\\&#8217;slide\\&#8217; autoplay=\\&#8217;false\\&#8217; interval=\\&#8217;5\\&#8217; control_layout=\\&#8217;av-control-default\\&#8217; src=\\&#8217;\\&#8217; attachment=\\&#8217;\\&#8217; attachment_size=\\&#8217;\\&#8217; position=\\&#8217;top left\\&#8217; repeat=\\&#8217;no-repeat\\&#8217; attach=\\&#8217;scroll\\&#8217;]<br \/>\n[av_slide_full id=\\&#8217;264\\&#8217;][\/av_slide_full]<\/p>\n<p>[\/av_slideshow_full]<\/p>\n<p>[av_one_fourth first min_height=\\&#8217;\\&#8217; vertical_alignment=\\&#8217;\\&#8217; space=\\&#8217;\\&#8217; custom_margin=\\&#8217;\\&#8217; margin=\\&#8217;0px\\&#8217; padding=\\&#8217;0px\\&#8217; border=\\&#8217;\\&#8217; border_color=\\&#8217;\\&#8217; radius=\\&#8217;0px\\&#8217; background_color=\\&#8217;\\&#8217; src=\\&#8217;\\&#8217; background_position=\\&#8217;top left\\&#8217; background_repeat=\\&#8217;no-repeat\\&#8217; animation=\\&#8217;\\&#8217; mobile_breaking=\\&#8217;\\&#8217; mobile_display=\\&#8217;\\&#8217;]<br \/>\n[av_image src=\\&#8217;https:\/\/ackfoodsolutions.com\/wp-content\/uploads\/2020\/11\/marka-443.jpg\\&#8217; attachment=\\&#8217;254\\&#8217; attachment_size=\\&#8217;full\\&#8217; align=\\&#8217;center\\&#8217; styling=\\&#8217;\\&#8217; hover=\\&#8217;\\&#8217; link=\\&#8217;\\&#8217; target=\\&#8217;\\&#8217; caption=\\&#8217;\\&#8217; font_size=\\&#8217;\\&#8217; appearance=\\&#8217;\\&#8217; overlay_opacity=\\&#8217;0.4\\&#8217; overlay_color=\\&#8217;#000000\\&#8217; overlay_text_color=\\&#8217;#ffffff\\&#8217; animation=\\&#8217;no-animation\\&#8217; admin_preview_bg=\\&#8217;\\&#8217;][\/av_image]<br \/>\n[\/av_one_fourth]<\/p>\n<p>[av_three_fourth min_height=\\&#8217;\\&#8217; vertical_alignment=\\&#8217;\\&#8217; space=\\&#8217;\\&#8217; custom_margin=\\&#8217;\\&#8217; margin=\\&#8217;0px\\&#8217; padding=\\&#8217;0px\\&#8217; border=\\&#8217;\\&#8217; border_color=\\&#8217;\\&#8217; radius=\\&#8217;0px\\&#8217; background_color=\\&#8217;\\&#8217; src=\\&#8217;\\&#8217; background_position=\\&#8217;top left\\&#8217; background_repeat=\\&#8217;no-repeat\\&#8217; animation=\\&#8217;\\&#8217; mobile_breaking=\\&#8217;\\&#8217; mobile_display=\\&#8217;\\&#8217;]<br \/>\n[av_textblock size=\\&#8217;\\&#8217; font_color=\\&#8217;\\&#8217; color=\\&#8217;\\&#8217; av-medium-font-size=\\&#8217;\\&#8217; av-small-font-size=\\&#8217;\\&#8217; av-mini-font-size=\\&#8217;\\&#8217; admin_preview_bg=\\&#8217;\\&#8217;]<\/p>\n<div class=\\\"wpb_text_column \\\">\n<div class=\\\"wpb_wrapper\\\">\n<p style=\\\"text-align: left;\\\">927 y\u0131l\u0131nda Rifat Minare, Gemlik\u2019te erkek karde\u015fleriyle birlikte \u201cMinarezadeler\u201d ad\u0131 alt\u0131nda bir firma kurarak zeytin ve tur\u015fu \u00e7e\u015fitleri imalat\u0131na ba\u015flam\u0131\u015flar, bir s\u00fcre sonra karde\u015flerinin ba\u015fka i\u015flere i\u015ftigalleri sonucu i\u015ften ayr\u0131lmalar\u0131yla firma Rifat Minare ile ticaret hayat\u0131na devam etmi\u015f ve firman\u0131n yeni ismi Rifat Minare Konserve fabrikas\u0131 olarak de\u011fi\u015fmi\u015ftir. Gemlik\u2019in Bal\u0131kpazar\u0131 Mahallesi\u2019ne fabrika kurulmu\u015ftur.<\/p>\n<p style=\\\"text-align: left;\\\">1930\u2019lu y\u0131llarda T\u00fcrkiye\u2019nin ilk konserve fabrikalar\u0131ndan olan Rifat Minare Konserve Fabrikas\u0131\u2019n\u0131n giri\u015fimleriyle, o s\u0131ralar hen\u00fcz \u00fclkemizde yeti\u015fmeyen bir k\u0131s\u0131m sebze ve meyvelerin tohum ve fideleri firman\u0131n gayretleriyle yurt d\u0131\u015f\u0131ndan temin edilerek yurdumuza getirilmi\u015ftir. Bunlar\u0131n ekim ve dikimleri evvela Rifat Minare \u00c7iftli\u011fi\u2019nde yap\u0131lm\u0131\u015f, bu tohum ve fidelerin yeti\u015fmesi sa\u011flanm\u0131\u015ft\u0131r. Daha sonra, bunlar\u0131 Gemlik\u2019in civar k\u00f6ylerinde, k\u00f6yl\u00fclere da\u011f\u0131t\u0131p, \u00fcretim i\u00e7in avans da vererek, ticari ama\u00e7la bol miktarda yeti\u015fmesi sa\u011flanm\u0131\u015ft\u0131r. Bu sayede \u00fclke \u00e7ift\u00e7ili\u011fine ve \u00fclke ekonomisine b\u00fcy\u00fck katk\u0131da bulunulmu\u015ftur.\u20281946 y\u0131l\u0131nda d\u00fcnyada ilk defa \u201csoyulmu\u015f enginar g\u00f6be\u011fi\u201d imal edilmi\u015f ve piyasaya s\u00fcr\u00fclm\u00fc\u015ft\u00fcr. \u00dcr\u00fcn, d\u00fcnya piyasas\u0131nda b\u00fcy\u00fck be\u011feni toplam\u0131\u015ft\u0131r.\u20281947 y\u0131l\u0131nda Rifat Minare Konserveleri, T\u00fcrkiye\u2019nin d\u00fcnyaya a\u00e7\u0131lan ilk markas\u0131 olmu\u015ftur. Bu y\u0131llarda Amerika\u2019n\u0131n da Rifat Minare Fabrikas\u0131 \u00fcr\u00fcnlerinin kalitesini takdir etmesi ve kullanmas\u0131, T\u00fcrkiye ekonomisinin gurur kaynaklar\u0131ndan olmu\u015ftur ve T\u00fcrk ihracat\u00e7\u0131lar\u0131n\u0131n yolu bu sayede ayd\u0131nlanm\u0131\u015ft\u0131r.Talepleri kar\u015f\u0131lamada yetersiz kal\u0131nd\u0131\u011f\u0131nda bu kez Rifat Minare \u00c7iftli\u011fi\u2019nde 1960 y\u0131l\u0131nda daha b\u00fcy\u00fck kapasitede, daha modern bir fabrika in\u015fa edilerek, faaliyetlerin buradan g\u00fcn\u00fcm\u00fcze kadar devam etmesi sa\u011flanm\u0131\u015ft\u0131r.<\/p>\n<p style=\\\"text-align: left;\\\">Rahats\u0131zl\u0131\u011f\u0131 nedeniyle 22.01.1972 y\u0131l\u0131nda vefat eden Rifat Minare sa\u011fl\u0131\u011f\u0131nda d\u00fczenledi\u011fi vasiyetname ile kurdu\u011fu firmas\u0131n\u0131 o\u011fullar\u0131; Adem Nevzat Minare ve Ayhan Nurettin Minare\u2019ye b\u0131rakm\u0131\u015f oldu\u011fundan, firma bir s\u00fcre Rifat Minare O\u011fullar\u0131 Adem ve Ayhan Minare O\u011fullar\u0131 Kollektif \u015eirketi ad\u0131 alt\u0131nda faaliyetlerine devam etmi\u015ftir.\u2028Daha sonra Rifat Minare Konserve Fabrikas\u0131, Adem Minare ve iki o\u011flu ( Hakan \u0130lhan Minare \u2013 Hikmet Rifat Minare ) taraf\u0131ndan ticari hayat\u0131na devam etmi\u015ftir.\u20282005 y\u0131l\u0131nda, Rifat Minare Konserve Fabrikas\u0131, Dr Kemal Matarac\u0131\u2019n\u0131n i\u015ftiraki ile tamamen modernize edilmeye ba\u015flanm\u0131\u015ft\u0131r ve halen daha geli\u015ftirilmeye ve b\u00fcy\u00fct\u00fclmeye devam edilmektedir.\u2028Rifat Minare Konserve Fabrikas\u0131, yenileme ve modernizasyon s\u00fcrecinden sonra \u00fcr\u00fcnlerini, as\u0131rl\u0131k tecr\u00fcbesi ile T\u00fcrkiye\u2019nin ya\u015fayan en eski konserve fabrikas\u0131 olarak d\u00fcnya piyasas\u0131n\u0131n be\u011fenisine sunmaktad\u0131r.<\/p>\n<\/div>\n<\/div>\n<p>[\/av_textblock]<br \/>\n[\/av_three_fourth]<\/p>\n","protected":false},"excerpt":{"rendered":"<p>[av_slideshow_full size=\\&#8217;no scaling\\&#8217; min_height=\\&#8217;0px\\&#8217; stretch=\\&#8217;image_no_stretch\\&#8217; animation=\\&#8217;slide\\&#8217; autoplay=\\&#8217;false\\&#8217; interval=\\&#8217;5\\&#8217; control_layout=\\&#8217;av-control-default\\&#8217; src=\\&#8217;\\&#8217; attachment=\\&#8217;\\&#8217; attachment_size=\\&#8217;\\&#8217; position=\\&#8217;top left\\&#8217; repeat=\\&#8217;no-repeat\\&#8217; attach=\\&#8217;scroll\\&#8217;] [av_slide_full id=\\&#8217;264\\&#8217;][\/av_slide_full] [\/av_slideshow_full] [av_one_fourth first min_height=\\&#8217;\\&#8217; vertical_alignment=\\&#8217;\\&#8217; space=\\&#8217;\\&#8217; custom_margin=\\&#8217;\\&#8217; margin=\\&#8217;0px\\&#8217; padding=\\&#8217;0px\\&#8217; border=\\&#8217;\\&#8217; border_color=\\&#8217;\\&#8217; radius=\\&#8217;0px\\&#8217; background_color=\\&#8217;\\&#8217; src=\\&#8217;\\&#8217; background_position=\\&#8217;top left\\&#8217; background_repeat=\\&#8217;no-repeat\\&#8217; animation=\\&#8217;\\&#8217; mobile_breaking=\\&#8217;\\&#8217; mobile_display=\\&#8217;\\&#8217;] [av_image src=\\&#8217;https:\/\/ackfoodsolutions.com\/wp-content\/uploads\/2020\/11\/marka-443.jpg\\&#8217; attachment=\\&#8217;254\\&#8217; attachment_size=\\&#8217;full\\&#8217; align=\\&#8217;center\\&#8217; styling=\\&#8217;\\&#8217; hover=\\&#8217;\\&#8217; link=\\&#8217;\\&#8217; target=\\&#8217;\\&#8217; caption=\\&#8217;\\&#8217; font_size=\\&#8217;\\&#8217; appearance=\\&#8217;\\&#8217; overlay_opacity=\\&#8217;0.4\\&#8217; overlay_color=\\&#8217;#000000\\&#8217; overlay_text_color=\\&#8217;#ffffff\\&#8217; animation=\\&#8217;no-animation\\&#8217; admin_preview_bg=\\&#8217;\\&#8217;][\/av_image] [&hellip;]<\/p>\n","protected":false},"author":1,"featured_media":0,"comment_status":"open","ping_status":"open","sticky":false,"template":"","format":"standard","meta":{"_joinchat":[],"footnotes":""},"categories":[1],"tags":[],"class_list":["post-291","post","type-post","status-publish","format-standard","hentry","category-genel"],"aioseo_notices":[],"_links":{"self":[{"href":"https:\/\/ackfoodsolutions.com\/index.php?rest_route=\/wp\/v2\/posts\/291","targetHints":{"allow":["GET"]}}],"collection":[{"href":"https:\/\/ackfoodsolutions.com\/index.php?rest_route=\/wp\/v2\/posts"}],"about":[{"href":"https:\/\/ackfoodsolutions.com\/index.php?rest_route=\/wp\/v2\/types\/post"}],"author":[{"embeddable":true,"href":"https:\/\/ackfoodsolutions.com\/index.php?rest_route=\/wp\/v2\/users\/1"}],"replies":[{"embeddable":true,"href":"https:\/\/ackfoodsolutions.com\/index.php?rest_route=%2Fwp%2Fv2%2Fcomments&post=291"}],"version-history":[{"count":0,"href":"https:\/\/ackfoodsolutions.com\/index.php?rest_route=\/wp\/v2\/posts\/291\/revisions"}],"wp:attachment":[{"href":"https:\/\/ackfoodsolutions.com\/index.php?rest_route=%2Fwp%2Fv2%2Fmedia&parent=291"}],"wp:term":[{"taxonomy":"category","embeddable":true,"href":"https:\/\/ackfoodsolutions.com\/index.php?rest_route=%2Fwp%2Fv2%2Fcategories&post=291"},{"taxonomy":"post_tag","embeddable":true,"href":"https:\/\/ackfoodsolutions.com\/index.php?rest_route=%2Fwp%2Fv2%2Ftags&post=291"}],"curies":[{"name":"wp","href":"https:\/\/api.w.org\/{rel}","templated":true}]}}